{"id":14751,"date":"2026-03-13T15:00:00","date_gmt":"2026-03-13T14:00:00","guid":{"rendered":"https:\/\/lerunnergeek.fr\/?p=14751"},"modified":"2026-03-13T14:50:41","modified_gmt":"2026-03-13T13:50:41","slug":"nature-trail-film-festival-saison-6","status":"publish","type":"post","link":"https:\/\/lerunnergeek.fr\/index.php\/2026\/03\/13\/nature-trail-film-festival-saison-6\/","title":{"rendered":"Nature Trail Film Festival \u2013 Saison 6"},"content":{"rendered":"\n<p>Quatri\u00e8me \u00e9dition pour moi cette ann\u00e9e avec la saison 6 du Nature Trail Film Festival, et comme les ann\u00e9es pr\u00e9c\u00e9dentes, direction le CGR de Brignais (69 \u2013 Rh\u00f4ne) pour la s\u00e9ance du 5 mars. Une nouvelle soir\u00e9e r\u00e9ussie, avec un programme qui ne d\u00e9\u00e7oit pas !<\/p>\n\n\n\n<figure class=\"wp-block-video\"><video height=\"818\" style=\"aspect-ratio: 1920 \/ 818;\" width=\"1920\" controls src=\"https:\/\/lerunnergeek.fr\/wp-content\/uploads\/2026\/03\/Trail-running-film-festival-Nature-Trail-Film-Festival.mp4\"><\/video><\/figure>\n\n\n\n<h2 class=\"wp-block-heading\">UN R\u00caVE DE G\u00c9ANT \u2013 EXCLUSIVIT\u00c9<\/h2>\n\n\n\n<div class=\"wp-block-columns is-layout-flex wp-container-core-columns-is-layout-9c22b1e3 wp-block-columns-is-layout-flex\">\n<div class=\"wp-block-column is-layout-flow wp-block-column-is-layout-flow\" style=\"flex-basis:100%\">\n<p>France \u2013 39 min \u2013 Version fran\u00e7aise<\/p>\n<\/div>\n<\/div>\n\n\n\n<p>Un film de S\u00e9bastien Courbet<\/p>\n\n\n\n<p>Lo\u00efc, traileur ari\u00e9geois, a longtemps v\u00e9cu avec la maladie pour unique horizon. Son seul \u00e9chappatoire ? R\u00eaver de courses, de montagnes, de libert\u00e9. Lorsque son corps lui permet enfin de rechausser les baskets, il se fixe un objectif fou : prendre le d\u00e9part du Tor des G\u00e9ants, 330 km et 24 000 m de d\u00e9nivel\u00e9 dans les Alpes italiennes. Une course comme une revanche sur le destin, port\u00e9e par l&rsquo;\u00e9motion du regard de ses parents. Un film qui fait monter les larmes d\u00e8s les premi\u00e8res minutes.<\/p>\n\n\n\n<h2 class=\"wp-block-heading\">RUN AGAIN<\/h2>\n\n\n\n<p>France \u2013 66 min \u2013 Version originale sous-titr\u00e9e<\/p>\n\n\n\n<p>Un film de Alexis Berg<\/p>\n\n\n\n<p>Dave Pen, le chanteur du groupe britannique Archive, m\u00e8ne une double vie : les grandes sc\u00e8nes internationales d&rsquo;un c\u00f4t\u00e9, les sentiers sauvages de l&rsquo;autre. Ce film le suit jusqu&rsquo;\u00e0 la Spine Race, un ultramarathon de 431 km \u00e0 travers la Grande-Bretagne en plein hiver. Quand la clameur de la foule laisse place au silence de la montagne, un autre portrait se dessine. Un film sur l&rsquo;identit\u00e9, l&rsquo;endurance et ce qu&rsquo;on cherche vraiment quand on court.<\/p>\n\n\n\n<h2 class=\"wp-block-heading\">TIPA TIPA \u2013 Sylvaine Cussot \u2013 EXCLUSIVIT\u00c9<\/h2>\n\n\n\n<p>USA \u2013 27 min \u2013 Version fran\u00e7aise<\/p>\n\n\n\n<p>Un film de Richard Mardens<\/p>\n\n\n\n<p>Sylvaine Cussot, c&rsquo;est une r\u00e9f\u00e9rence dans le monde du trail : championne de France, victoires sur les plus grandes courses d&rsquo;ultra&#8230; On la retrouve ici sur la Diagonale des Fous \u00e0 La R\u00e9union, 165 km et 10 000 m de D+. Sa cinqui\u00e8me participation, mais charg\u00e9e d&rsquo;une \u00e9motion toute particuli\u00e8re puisqu&rsquo;elle court avec la m\u00e9moire de son p\u00e8re. Chaque foul\u00e9e devient un hommage. Pr\u00e9voir les mouchoirs.<\/p>\n\n\n\n<h2 class=\"wp-block-heading\">HORS-CIRCUIT \u2013 EXCLUSIVIT\u00c9 \u2b50 Coup de c\u0153ur<\/h2>\n\n\n\n<p>France \u2013 29 min \u2013 Version fran\u00e7aise<\/p>\n\n\n\n<p>Un film de Damien Roussel<\/p>\n\n\n\n<p>Mon coup de c\u0153ur de cette saison. \u00c0 27 ans, Antonin voit sa vie basculer avec la maladie de Lyme. Pour retrouver ses rep\u00e8res, il se lance dans un d\u00e9fi trail hors des sentiers balis\u00e9s : rejoindre plusieurs points de contr\u00f4le dans des montagnes qu&rsquo;il croyait conna\u00eetre, jusqu&rsquo;\u00e0 une ligne d&rsquo;arriv\u00e9e inconnue. Un film qui touche diff\u00e9remment quand on sait ce que la maladie peut voler. Et belle surprise dans le reportage avec l&rsquo;intervention de Xavier Th\u00e9venard, qui apporte son t\u00e9moignage et une belle caution \u00e0 cette aventure humaine.<\/p>\n\n\n\n<p><\/p>\n\n\n\n<p>Encore une belle \u00e9dition, des films qui font r\u00e9fl\u00e9chir, qui touchent, et une ambiance toujours au rendez-vous au CGR de Brignais. Vivement la saison 7 !<\/p>\n\n\n\n<p>La tourn\u00e9e continue, alors n&rsquo;h\u00e9sitez pas \u00e0 aller les soutenir \ud83d\udc49 <a href=\"https:\/\/www.naturetrailfilmfestival.fr\">www.naturetrailfilmfestival.fr<\/a><\/p>\n\n\n\n<p><\/p>\n","protected":false},"excerpt":{"rendered":"<p>Quatri\u00e8me \u00e9dition pour moi cette ann\u00e9e avec la saison 6 du Nature Trail Film Festival, et comme les ann\u00e9es pr\u00e9c\u00e9dentes, direction le CGR de Brignais (69 \u2013 Rh\u00f4ne) pour la s\u00e9ance du 5 mars. Une nouvelle soir\u00e9e r\u00e9ussie, avec un programme qui ne d\u00e9\u00e7oit pas ! UN R\u00caVE DE G\u00c9ANT \u2013 EXCLUSIVIT\u00c9 France \u2013 39<\/p>\n","protected":false},"author":2,"featured_media":14754,"comment_status":"open","ping_status":"open","sticky":false,"template":"","format":"standard","meta":{"footnotes":""},"categories":[2],"tags":[452,451,397],"class_list":["post-14751","post","type-post","status-publish","format-standard","has-post-thumbnail","hentry","category-actus","tag-cinema","tag-festival","tag-trail"],"_links":{"self":[{"href":"https:\/\/lerunnergeek.fr\/index.php\/wp-json\/wp\/v2\/posts\/14751","targetHints":{"allow":["GET"]}}],"collection":[{"href":"https:\/\/lerunnergeek.fr\/index.php\/wp-json\/wp\/v2\/posts"}],"about":[{"href":"https:\/\/lerunnergeek.fr\/index.php\/wp-json\/wp\/v2\/types\/post"}],"author":[{"embeddable":true,"href":"https:\/\/lerunnergeek.fr\/index.php\/wp-json\/wp\/v2\/users\/2"}],"replies":[{"embeddable":true,"href":"https:\/\/lerunnergeek.fr\/index.php\/wp-json\/wp\/v2\/comments?post=14751"}],"version-history":[{"count":3,"href":"https:\/\/lerunnergeek.fr\/index.php\/wp-json\/wp\/v2\/posts\/14751\/revisions"}],"predecessor-version":[{"id":14756,"href":"https:\/\/lerunnergeek.fr\/index.php\/wp-json\/wp\/v2\/posts\/14751\/revisions\/14756"}],"wp:featuredmedia":[{"embeddable":true,"href":"https:\/\/lerunnergeek.fr\/index.php\/wp-json\/wp\/v2\/media\/14754"}],"wp:attachment":[{"href":"https:\/\/lerunnergeek.fr\/index.php\/wp-json\/wp\/v2\/media?parent=14751"}],"wp:term":[{"taxonomy":"category","embeddable":true,"href":"https:\/\/lerunnergeek.fr\/index.php\/wp-json\/wp\/v2\/categories?post=14751"},{"taxonomy":"post_tag","embeddable":true,"href":"https:\/\/lerunnergeek.fr\/index.php\/wp-json\/wp\/v2\/tags?post=14751"}],"curies":[{"name":"wp","href":"https:\/\/api.w.org\/{rel}","templated":true}]}}